{"id":1,"name":"soporte","url":"https:\/\/lacasadelelefante.com","description":"","link":"https:\/\/lacasadelelefante.com\/en\/author\/soporte\/","slug":"soporte","meta":[],"yoast_head":"<!-- This site is optimized with the Yoast SEO plugin v27.5 - https:\/\/yoast.com\/product\/yoast-seo-wordpress\/ -->\n<title>soporte, autor en Masajes en Vejer de la Frontera | Centro de Bienestar La Casa del Elefante<\/title>\n<meta name=\"robots\" content=\"index, follow, max-snippet:-1, max-image-preview:large, max-video-preview:-1\" \/>\n<link rel=\"canonical\" href=\"https:\/\/lacasadelelefante.com\/en\/author\/soporte\/\" \/>\n<meta property=\"og:locale\" content=\"en_US\" \/>\n<meta property=\"og:type\" content=\"profile\" \/>\n<meta property=\"og:title\" content=\"soporte, autor en Masajes en Vejer de la Frontera | Centro de Bienestar La Casa del Elefante\" \/>\n<meta property=\"og:url\" content=\"https:\/\/lacasadelelefante.com\/author\/soporte\/\" \/>\n<meta property=\"og:site_name\" content=\"Masajes en Vejer de la Frontera | Centro de Bienestar La Casa del Elefante\" \/>\n<meta property=\"og:image\" content=\"https:\/\/secure.gravatar.com\/avatar\/8c0c8d3f5ed145eee8a8cf14551e0033?s=500&d=mm&r=g\" \/>\n<meta name=\"twitter:card\" content=\"summary_large_image\" \/>\n<script type=\"application\/ld+json\" class=\"yoast-schema-graph\">{\"@context\":\"https:\\\/\\\/schema.org\",\"@graph\":[{\"@type\":\"ProfilePage\",\"@id\":\"https:\\\/\\\/lacasadelelefante.com\\\/author\\\/soporte\\\/\",\"url\":\"https:\\\/\\\/lacasadelelefante.com\\\/author\\\/soporte\\\/\",\"name\":\"soporte, autor en Masajes en Vejer de la Frontera | Centro de Bienestar La Casa del Elefante\",\"isPartOf\":{\"@id\":\"https:\\\/\\\/lacasadelelefante.com\\\/en\\\/#website\"},\"breadcrumb\":{\"@id\":\"https:\\\/\\\/lacasadelelefante.com\\\/author\\\/soporte\\\/#breadcrumb\"},\"inLanguage\":\"en-US\",\"potentialAction\":[{\"@type\":\"ReadAction\",\"target\":[\"https:\\\/\\\/lacasadelelefante.com\\\/author\\\/soporte\\\/\"]}]},{\"@type\":\"BreadcrumbList\",\"@id\":\"https:\\\/\\\/lacasadelelefante.com\\\/author\\\/soporte\\\/#breadcrumb\",\"itemListElement\":[{\"@type\":\"ListItem\",\"position\":1,\"name\":\"Portada\",\"item\":\"https:\\\/\\\/lacasadelelefante.com\\\/en\\\/\"},{\"@type\":\"ListItem\",\"position\":2,\"name\":\"Archivo de soporte\"}]},{\"@type\":\"WebSite\",\"@id\":\"https:\\\/\\\/lacasadelelefante.com\\\/en\\\/#website\",\"url\":\"https:\\\/\\\/lacasadelelefante.com\\\/en\\\/\",\"name\":\"La Casa del Elefante\",\"description\":\"Centro de bienestar en Vejer de la Frontera, C\u00e1diz. Masajes, osteopat\u00eda y acupuntura en el casco antiguo. Reserva tu sesi\u00f3n ahora.\",\"publisher\":{\"@id\":\"https:\\\/\\\/lacasadelelefante.com\\\/en\\\/#organization\"},\"potentialAction\":[{\"@type\":\"SearchAction\",\"target\":{\"@type\":\"EntryPoint\",\"urlTemplate\":\"https:\\\/\\\/lacasadelelefante.com\\\/en\\\/?s={search_term_string}\"},\"query-input\":{\"@type\":\"PropertyValueSpecification\",\"valueRequired\":true,\"valueName\":\"search_term_string\"}}],\"inLanguage\":\"en-US\"},{\"@type\":\"Organization\",\"@id\":\"https:\\\/\\\/lacasadelelefante.com\\\/en\\\/#organization\",\"name\":\"La Casa del Elefante\",\"url\":\"https:\\\/\\\/lacasadelelefante.com\\\/en\\\/\",\"logo\":{\"@type\":\"ImageObject\",\"inLanguage\":\"en-US\",\"@id\":\"https:\\\/\\\/lacasadelelefante.com\\\/en\\\/#\\\/schema\\\/logo\\\/image\\\/\",\"url\":\"https:\\\/\\\/lacasadelelefante.com\\\/wp-content\\\/uploads\\\/2023\\\/11\\\/cropped-la-casa-del-elefante-vejer-logotipo.png\",\"contentUrl\":\"https:\\\/\\\/lacasadelelefante.com\\\/wp-content\\\/uploads\\\/2023\\\/11\\\/cropped-la-casa-del-elefante-vejer-logotipo.png\",\"width\":419,\"height\":331,\"caption\":\"La Casa del Elefante\"},\"image\":{\"@id\":\"https:\\\/\\\/lacasadelelefante.com\\\/en\\\/#\\\/schema\\\/logo\\\/image\\\/\"},\"sameAs\":[\"https:\\\/\\\/www.facebook.com\\\/LaCasadelElefante\\\/\",\"https:\\\/\\\/www.instagram.com\\\/lacasadelelefantevejer\\\/\"]},{\"@type\":\"Person\",\"@id\":\"https:\\\/\\\/lacasadelelefante.com\\\/en\\\/#\\\/schema\\\/person\\\/866b73c7d6462fb75ccb0d26cf4dcbcd\",\"name\":\"soporte\",\"sameAs\":[\"https:\\\/\\\/lacasadelelefante.com\"],\"mainEntityOfPage\":{\"@id\":\"https:\\\/\\\/lacasadelelefante.com\\\/author\\\/soporte\\\/\"}}]}<\/script>\n<!-- \/ Yoast SEO plugin. -->","yoast_head_json":{"title":"soporte, autor en Masajes en Vejer de la Frontera | Centro de Bienestar La Casa del Elefante","robots":{"index":"index","follow":"follow","max-snippet":"max-snippet:-1","max-image-preview":"max-image-preview:large","max-video-preview":"max-video-preview:-1"},"canonical":"https:\/\/lacasadelelefante.com\/en\/author\/soporte\/","og_locale":"en_US","og_type":"profile","og_title":"soporte, autor en Masajes en Vejer de la Frontera | Centro de Bienestar La Casa del Elefante","og_url":"https:\/\/lacasadelelefante.com\/author\/soporte\/","og_site_name":"Masajes en Vejer de la Frontera | Centro de Bienestar La Casa del Elefante","og_image":[{"url":"https:\/\/secure.gravatar.com\/avatar\/8c0c8d3f5ed145eee8a8cf14551e0033?s=500&d=mm&r=g","type":"","width":"","height":""}],"twitter_card":"summary_large_image","schema":{"@context":"https:\/\/schema.org","@graph":[{"@type":"ProfilePage","@id":"https:\/\/lacasadelelefante.com\/author\/soporte\/","url":"https:\/\/lacasadelelefante.com\/author\/soporte\/","name":"soporte, autor en Masajes en Vejer de la Frontera | Centro de Bienestar La Casa del Elefante","isPartOf":{"@id":"https:\/\/lacasadelelefante.com\/en\/#website"},"breadcrumb":{"@id":"https:\/\/lacasadelelefante.com\/author\/soporte\/#breadcrumb"},"inLanguage":"en-US","potentialAction":[{"@type":"ReadAction","target":["https:\/\/lacasadelelefante.com\/author\/soporte\/"]}]},{"@type":"BreadcrumbList","@id":"https:\/\/lacasadelelefante.com\/author\/soporte\/#breadcrumb","itemListElement":[{"@type":"ListItem","position":1,"name":"Portada","item":"https:\/\/lacasadelelefante.com\/en\/"},{"@type":"ListItem","position":2,"name":"Archivo de soporte"}]},{"@type":"WebSite","@id":"https:\/\/lacasadelelefante.com\/en\/#website","url":"https:\/\/lacasadelelefante.com\/en\/","name":"La Casa del Elefante","description":"Centro de bienestar en Vejer de la Frontera, C\u00e1diz. Masajes, osteopat\u00eda y acupuntura en el casco antiguo. Reserva tu sesi\u00f3n ahora.","publisher":{"@id":"https:\/\/lacasadelelefante.com\/en\/#organization"},"potentialAction":[{"@type":"SearchAction","target":{"@type":"EntryPoint","urlTemplate":"https:\/\/lacasadelelefante.com\/en\/?s={search_term_string}"},"query-input":{"@type":"PropertyValueSpecification","valueRequired":true,"valueName":"search_term_string"}}],"inLanguage":"en-US"},{"@type":"Organization","@id":"https:\/\/lacasadelelefante.com\/en\/#organization","name":"La Casa del Elefante","url":"https:\/\/lacasadelelefante.com\/en\/","logo":{"@type":"ImageObject","inLanguage":"en-US","@id":"https:\/\/lacasadelelefante.com\/en\/#\/schema\/logo\/image\/","url":"https:\/\/lacasadelelefante.com\/wp-content\/uploads\/2023\/11\/cropped-la-casa-del-elefante-vejer-logotipo.png","contentUrl":"https:\/\/lacasadelelefante.com\/wp-content\/uploads\/2023\/11\/cropped-la-casa-del-elefante-vejer-logotipo.png","width":419,"height":331,"caption":"La Casa del Elefante"},"image":{"@id":"https:\/\/lacasadelelefante.com\/en\/#\/schema\/logo\/image\/"},"sameAs":["https:\/\/www.facebook.com\/LaCasadelElefante\/","https:\/\/www.instagram.com\/lacasadelelefantevejer\/"]},{"@type":"Person","@id":"https:\/\/lacasadelelefante.com\/en\/#\/schema\/person\/866b73c7d6462fb75ccb0d26cf4dcbcd","name":"soporte","sameAs":["https:\/\/lacasadelelefante.com"],"mainEntityOfPage":{"@id":"https:\/\/lacasadelelefante.com\/author\/soporte\/"}}]}},"elementor_introduction":{"ai-get-started-announcement":true,"e-apps":true,"globals_introduction":true,"yoast-introduction":true,"ai_promotion_introduction_textarea":true,"yoast-introduction-editor-v2":true},"_links":{"self":[{"href":"https:\/\/lacasadelelefante.com\/en\/wp-json\/wp\/v2\/users\/1","targetHints":{"allow":["GET"]}}],"collection":[{"href":"https:\/\/lacasadelelefante.com\/en\/wp-json\/wp\/v2\/users"}]}}